{"id":92459,"date":"2025-08-20T16:49:50","date_gmt":"2025-08-20T14:49:50","guid":{"rendered":"https:\/\/promzvak.nl\/?p=92459"},"modified":"2025-08-20T17:02:46","modified_gmt":"2025-08-20T15:02:46","slug":"bqs-textiles-setzt-den-wachstumskurs-fort-und-blickt-zuversichtlich-in-die-zukunft","status":"publish","type":"post","link":"https:\/\/promzvak.nl\/nl\/bqs-textiles-setzt-den-wachstumskurs-fort-und-blickt-zuversichtlich-in-die-zukunft\/","title":{"rendered":"BQS Textiles setzt den Wachstumskurs fort und blickt zuversichtlich in die Zukunft"},"content":{"rendered":"<p data-start=\"125\" data-end=\"491\">BQS Textiles entwickelt sich als Unternehmen stark weiter und sieht der Zukunft mit Vertrauen entgegen. Aufgrund famili\u00e4rer Umst\u00e4nde sind sowohl Amber als auch Jurgen Lopez derzeit nicht im Unternehmen t\u00e4tig. Seit Mitte Juni ist Chris Ouweneel als Gesch\u00e4ftsf\u00fchrer eingesetzt. Er wird BQS Textiles langfristig verbunden bleiben und die operative Leitung \u00fcbernehmen.<\/p>\n<p data-start=\"493\" data-end=\"680\">Joshua Lopez war, ist und bleibt zu 100 % Eigent\u00fcmer von BQS Textiles. Er konzentriert sich insbesondere auf das strategische Wachstum und die langfristige Entwicklung des Unternehmens.<\/p>\n<p data-start=\"682\" data-end=\"814\">Wir freuen uns auf die Supplier Days am 3. und 4. September und hei\u00dfen unsere Gesch\u00e4ftspartner herzlich an unserem Stand willkommen.<\/p>\n<p data-start=\"816\" data-end=\"918\" data-is-last-node=\"\" data-is-only-node=\"\">F\u00fcr Fragen wenden Sie sich bitte an:<br data-start=\"852\" data-end=\"855\" \/>Chris Ouweneel \u2013 Gesch\u00e4ftsf\u00fchrer, E-Mail: <a class=\"decorated-link cursor-pointer\" href=\"chris@bqstextiles.com\" rel=\"noopener\" data-start=\"897\" data-end=\"918\" data-is-last-node=\"\">chris@bqstextiles.com<\/a><\/p>\n<!-- AddThis Advanced Settings generic via filter on the_content --><!-- AddThis Share Buttons generic via filter on the_content -->","protected":false},"excerpt":{"rendered":"<p>BQS Textiles entwickelt sich als Unternehmen stark weiter und sieht der Zukunft mit Vertrauen entgegen. Aufgrund famili\u00e4rer Umst\u00e4nde sind sowohl Amber als auch Jurgen Lopez derzeit nicht im Unternehmen t\u00e4tig. Seit Mitte Juni ist Chris Ouweneel als Gesch\u00e4ftsf\u00fchrer eingesetzt. Er wird BQS Textiles langfristig verbunden bleiben und die operative Leitung \u00fcbernehmen. Joshua Lopez war, ist und bleibt zu 100 % Eigent\u00fcmer von BQS Textiles. Er konzentriert sich insbesondere auf das strategische Wachstum und die langfristige [&#8230;]<\/p>\n<p><a class=\"btn btn-secondary understrap-read-more-link\" href=\"https:\/\/promzvak.nl\/nl\/bqs-textiles-setzt-den-wachstumskurs-fort-und-blickt-zuversichtlich-in-die-zukunft\/\">Lees verder&#8230;<\/a><\/p>\n<p><!-- AddThis Advanced Settings generic via filter on get_the_excerpt --><!-- AddThis Share Buttons generic via filter on get_the_excerpt --><\/p>\n","protected":false},"author":178,"featured_media":92456,"comment_status":"closed","ping_status":"closed","sticky":false,"template":"","format":"standard","meta":{"_acf_changed":false,"episode_type":"","audio_file":"","cover_image":"","cover_image_id":"","duration":"","filesize":"","date_recorded":"","explicit":"","block":"","filesize_raw":"","footnotes":""},"categories":[13097],"tags":[],"acf":[],"_links":{"self":[{"href":"https:\/\/promzvak.nl\/nl\/wp-json\/wp\/v2\/posts\/92459"}],"collection":[{"href":"https:\/\/promzvak.nl\/nl\/wp-json\/wp\/v2\/posts"}],"about":[{"href":"https:\/\/promzvak.nl\/nl\/wp-json\/wp\/v2\/types\/post"}],"author":[{"embeddable":true,"href":"https:\/\/promzvak.nl\/nl\/wp-json\/wp\/v2\/users\/178"}],"replies":[{"embeddable":true,"href":"https:\/\/promzvak.nl\/nl\/wp-json\/wp\/v2\/comments?post=92459"}],"version-history":[{"count":1,"href":"https:\/\/promzvak.nl\/nl\/wp-json\/wp\/v2\/posts\/92459\/revisions"}],"predecessor-version":[{"id":92460,"href":"https:\/\/promzvak.nl\/nl\/wp-json\/wp\/v2\/posts\/92459\/revisions\/92460"}],"wp:featuredmedia":[{"embeddable":true,"href":"https:\/\/promzvak.nl\/nl\/wp-json\/wp\/v2\/media\/92456"}],"wp:attachment":[{"href":"https:\/\/promzvak.nl\/nl\/wp-json\/wp\/v2\/media?parent=92459"}],"wp:term":[{"taxonomy":"category","embeddable":true,"href":"https:\/\/promzvak.nl\/nl\/wp-json\/wp\/v2\/categories?post=92459"},{"taxonomy":"post_tag","embeddable":true,"href":"https:\/\/promzvak.nl\/nl\/wp-json\/wp\/v2\/tags?post=92459"}],"curies":[{"name":"wp","href":"https:\/\/api.w.org\/{rel}","templated":true}]}}