{"id":91602,"date":"2025-05-22T14:47:27","date_gmt":"2025-05-22T12:47:27","guid":{"rendered":"https:\/\/promzvak.nl\/?p=91602"},"modified":"2025-05-22T14:48:12","modified_gmt":"2025-05-22T12:48:12","slug":"internationale-fuhrungskonferenz-ppai-eac","status":"publish","type":"post","link":"https:\/\/promzvak.nl\/nl\/internationale-fuhrungskonferenz-ppai-eac\/","title":{"rendered":"Internationale F\u00fchrungskonferenz PPAI &#038; EAC"},"content":{"rendered":"<p>In den vergangenen Tagen war das Konferenzzentrum Dolce bei Br\u00fcssel Schauplatz des International Leadership Summit von PPAI und EAC. Ziel des Gipfels war es, Wissen zu verbreiten und die internationalen Beziehungen zwischen Lieferanten, Distributoren\/Intermedi\u00e4ren und Branchenverb\u00e4nden zu st\u00e4rken. Die vielleicht wichtigste Erkenntnis: In diesen herausfordernden geopolitischen Zeiten m\u00fcssen wir verst\u00e4rkt den Schulterschluss suchen \u2013 und d\u00fcrfen als Branche ruhig etwas stolzer auf unser Handwerk sein. Nur so schaffen wir es, st\u00e4rker in den Fokus von Marketern zu r\u00fccken und eine ernstzunehmende Alternative zu klassischen Online- und Offline-Medien zu werden. Hinter den Kulissen wurde bereits \u00fcber die Initiierung einer wissenschaftlichen Studie gesprochen, um den Wert unserer Branche fundiert zu belegen. Wir bef\u00fcrworten ein solches Vorhaben ausdr\u00fccklich \u2013 und haben beschlossen, aktiv dazu beizutragen.<\/p>\n<p>Was den Wissenstransfer und den Austausch betrifft, war diese erste Ausgabe des Gipfels auf jeden Fall ein Erfolg. Nat\u00fcrlich gibt es bei solchen Veranstaltungen immer Redner, die man pers\u00f6nlich als eher einschl\u00e4fernd empfindet. Doch wie Dr. Sam Potolicchio bei einem Empfang sagte: \u201eWas h\u00e4ttest du selbst tun k\u00f6nnen, um es interessanter zu machen? Vielleicht die richtigen Fragen stellen?\u201c Echte F\u00fchrungspers\u00f6nlichkeiten finden immer etwas Lehrreiches oder Positives in einem Vortrag \u2013 selbst wenn er zun\u00e4chst langweilig erscheint. In seiner Pr\u00e4sentation war Potolicchio ein starker Verfechter des \u201eUmdenkens\u201c \u2013 also der bewussten Entscheidung, Dinge aus einer anderen Perspektive zu betrachten. Sehr inspirierend!<\/p>\n<p>Am letzten Tag des Summits hielt Tom Szaky, CEO von TerraCycle, einen \u00e4u\u00dferst spannenden Vortrag. Das Unternehmen erzielt einen Umsatz von \u00fcber 500 Millionen und entwickelt zirkul\u00e4re L\u00f6sungen f\u00fcr Abfallstr\u00f6me. Laut Szaky muss jede L\u00f6sung vor allem den \u201eBequemlichkeitsfaktor\u201c f\u00fcr den Konsumenten ber\u00fccksichtigen \u2013 ohne diesen sei jedes Projekt zum Scheitern verurteilt. Mittlerweile kann TerraCycle auf zahlreiche Erfolgsgeschichten verweisen, etwa im Bereich von Werbeartikeln, die aus Abf\u00e4llen bekannter Marken hergestellt wurden. Eine gro\u00dfartige Inspirationsquelle, auf die wir in naher Zukunft sicher noch zur\u00fcckkommen werden.<\/p>\n<p>Fazit: Das war ein sehr gelungener Auftakt der International Leadership Summit. Viel wurde \u00fcber die Unterschiede zwischen den USA und Europa gesprochen \u2013 wichtiger jedoch waren die Gemeinsamkeiten. Wie k\u00f6nnen wir voneinander lernen und zusammenarbeiten, um die Branche weiter zu professionalisieren und nachhaltiger zu gestalten? Damit wir auch k\u00fcnftig eine relevante Rolle spielen \u2013 und ernst genommen werden.<\/p>\n<!-- AddThis Advanced Settings generic via filter on the_content --><!-- AddThis Share Buttons generic via filter on the_content -->","protected":false},"excerpt":{"rendered":"<p>In den vergangenen Tagen war das Konferenzzentrum Dolce bei Br\u00fcssel Schauplatz des International Leadership Summit von PPAI und EAC. Ziel des Gipfels war es, Wissen zu verbreiten und die internationalen Beziehungen zwischen Lieferanten, Distributoren\/Intermedi\u00e4ren und Branchenverb\u00e4nden zu st\u00e4rken. Die vielleicht wichtigste Erkenntnis: In diesen herausfordernden geopolitischen Zeiten m\u00fcssen wir verst\u00e4rkt den Schulterschluss suchen \u2013 und d\u00fcrfen als Branche ruhig etwas stolzer auf unser Handwerk sein. Nur so schaffen wir es, st\u00e4rker in den Fokus von [&#8230;]<\/p>\n<p><a class=\"btn btn-secondary understrap-read-more-link\" href=\"https:\/\/promzvak.nl\/nl\/internationale-fuhrungskonferenz-ppai-eac\/\">Lees verder&#8230;<\/a><\/p>\n<p><!-- AddThis Advanced Settings generic via filter on get_the_excerpt --><!-- AddThis Share Buttons generic via filter on get_the_excerpt --><\/p>\n","protected":false},"author":178,"featured_media":91576,"comment_status":"closed","ping_status":"closed","sticky":false,"template":"","format":"standard","meta":{"_acf_changed":false,"episode_type":"","audio_file":"","cover_image":"","cover_image_id":"","duration":"","filesize":"","date_recorded":"","explicit":"","block":"","filesize_raw":"","footnotes":""},"categories":[13097],"tags":[],"acf":[],"_links":{"self":[{"href":"https:\/\/promzvak.nl\/nl\/wp-json\/wp\/v2\/posts\/91602"}],"collection":[{"href":"https:\/\/promzvak.nl\/nl\/wp-json\/wp\/v2\/posts"}],"about":[{"href":"https:\/\/promzvak.nl\/nl\/wp-json\/wp\/v2\/types\/post"}],"author":[{"embeddable":true,"href":"https:\/\/promzvak.nl\/nl\/wp-json\/wp\/v2\/users\/178"}],"replies":[{"embeddable":true,"href":"https:\/\/promzvak.nl\/nl\/wp-json\/wp\/v2\/comments?post=91602"}],"version-history":[{"count":1,"href":"https:\/\/promzvak.nl\/nl\/wp-json\/wp\/v2\/posts\/91602\/revisions"}],"predecessor-version":[{"id":91603,"href":"https:\/\/promzvak.nl\/nl\/wp-json\/wp\/v2\/posts\/91602\/revisions\/91603"}],"wp:featuredmedia":[{"embeddable":true,"href":"https:\/\/promzvak.nl\/nl\/wp-json\/wp\/v2\/media\/91576"}],"wp:attachment":[{"href":"https:\/\/promzvak.nl\/nl\/wp-json\/wp\/v2\/media?parent=91602"}],"wp:term":[{"taxonomy":"category","embeddable":true,"href":"https:\/\/promzvak.nl\/nl\/wp-json\/wp\/v2\/categories?post=91602"},{"taxonomy":"post_tag","embeddable":true,"href":"https:\/\/promzvak.nl\/nl\/wp-json\/wp\/v2\/tags?post=91602"}],"curies":[{"name":"wp","href":"https:\/\/api.w.org\/{rel}","templated":true}]}}