{"id":84174,"date":"2024-06-30T12:21:24","date_gmt":"2024-06-30T10:21:24","guid":{"rendered":"https:\/\/promzvak.nl\/?p=84174"},"modified":"2024-10-23T09:00:18","modified_gmt":"2024-10-23T07:00:18","slug":"stabila-eroffnet-neues-logistikzentrum","status":"publish","type":"post","link":"https:\/\/promzvak.nl\/nl\/stabila-eroffnet-neues-logistikzentrum\/","title":{"rendered":"STABILA ER\u00d6FFNET NEUES LOGISTIKZENTRUM\u00a0"},"content":{"rendered":"<p><span data-contrast=\"auto\">Der weltweit bekannte Hersteller von Premium-Messwerkzeugen Stabila hat sein neues Logistikzentrum eingeweiht. Das 135 Jahre alte Unternehmen aus Annweiler in Deutschland hat Ende Juni zusammen mit Mitarbeitern, Aktion\u00e4ren, dem Aufsichtsrat, Freunden des Unternehmens und Vertretern des Landkreises, das 135-j\u00e4hrige Jubil\u00e4um an dem neuen zweiten Standort gefeiert. In diesem Rahmen konnte das neue 8.000 m\u00b2 gro\u00dfe Logistikzentrum besichtigt werden. In seiner Rede f\u00fchrte Gesch\u00e4ftsf\u00fchrer Ulrich D\u00e4hne durch 135 Jahre Firmengeschichte und betonte: \u201eDie Er\u00f6ffnung des neuen Logistikzentrums markiert einen wichtigen Meilenstein f\u00fcr Stabila und unterstreicht das Engagement des Unternehmens f\u00fcr die Wirtschaftsregion S\u00fcdwest-Pfalz.\u201c Mit der Er\u00f6ffnung des neuen Standorts, in den etwa 15 Millionen Euro investiert wurden, blickt das Unternehmen optimistisch in die Zukunft und setzt seinen Wachstumskurs fort. Das neue Geb\u00e4ude von Stabila wurde nachhaltig gebaut und enth\u00e4lt eine W\u00e4rmepumpe, Solarzellen usw.<\/span><span data-ccp-props=\"{&quot;134233117&quot;:true,&quot;134233118&quot;:true,&quot;201341983&quot;:0,&quot;335559739&quot;:160,&quot;335559740&quot;:240}\">\u00a0<\/span><\/p>\n<!-- AddThis Advanced Settings generic via filter on the_content --><!-- AddThis Share Buttons generic via filter on the_content -->","protected":false},"excerpt":{"rendered":"<p>Der weltweit bekannte Hersteller von Premium-Messwerkzeugen Stabila hat sein neues Logistikzentrum eingeweiht. Das 135 Jahre alte Unternehmen aus Annweiler in Deutschland hat Ende Juni zusammen mit Mitarbeitern, Aktion\u00e4ren, dem Aufsichtsrat, Freunden des Unternehmens und Vertretern des Landkreises, das 135-j\u00e4hrige Jubil\u00e4um an dem neuen zweiten Standort gefeiert. In diesem Rahmen konnte das neue 8.000 m\u00b2 gro\u00dfe Logistikzentrum besichtigt werden. In seiner Rede f\u00fchrte Gesch\u00e4ftsf\u00fchrer Ulrich D\u00e4hne durch 135 Jahre Firmengeschichte und betonte: \u201eDie Er\u00f6ffnung des neuen [&#8230;]<\/p>\n<p><a class=\"btn btn-secondary understrap-read-more-link\" href=\"https:\/\/promzvak.nl\/nl\/stabila-eroffnet-neues-logistikzentrum\/\">Lees verder&#8230;<\/a><\/p>\n<p><!-- AddThis Advanced Settings generic via filter on get_the_excerpt --><!-- AddThis Share Buttons generic via filter on get_the_excerpt --><\/p>\n","protected":false},"author":178,"featured_media":83991,"comment_status":"closed","ping_status":"closed","sticky":false,"template":"","format":"standard","meta":{"_acf_changed":false,"episode_type":"","audio_file":"","cover_image":"","cover_image_id":"","duration":"","filesize":"","date_recorded":"","explicit":"","block":"","filesize_raw":"","footnotes":""},"categories":[13097],"tags":[],"acf":[],"_links":{"self":[{"href":"https:\/\/promzvak.nl\/nl\/wp-json\/wp\/v2\/posts\/84174"}],"collection":[{"href":"https:\/\/promzvak.nl\/nl\/wp-json\/wp\/v2\/posts"}],"about":[{"href":"https:\/\/promzvak.nl\/nl\/wp-json\/wp\/v2\/types\/post"}],"author":[{"embeddable":true,"href":"https:\/\/promzvak.nl\/nl\/wp-json\/wp\/v2\/users\/178"}],"replies":[{"embeddable":true,"href":"https:\/\/promzvak.nl\/nl\/wp-json\/wp\/v2\/comments?post=84174"}],"version-history":[{"count":1,"href":"https:\/\/promzvak.nl\/nl\/wp-json\/wp\/v2\/posts\/84174\/revisions"}],"predecessor-version":[{"id":84175,"href":"https:\/\/promzvak.nl\/nl\/wp-json\/wp\/v2\/posts\/84174\/revisions\/84175"}],"wp:featuredmedia":[{"embeddable":true,"href":"https:\/\/promzvak.nl\/nl\/wp-json\/wp\/v2\/media\/83991"}],"wp:attachment":[{"href":"https:\/\/promzvak.nl\/nl\/wp-json\/wp\/v2\/media?parent=84174"}],"wp:term":[{"taxonomy":"category","embeddable":true,"href":"https:\/\/promzvak.nl\/nl\/wp-json\/wp\/v2\/categories?post=84174"},{"taxonomy":"post_tag","embeddable":true,"href":"https:\/\/promzvak.nl\/nl\/wp-json\/wp\/v2\/tags?post=84174"}],"curies":[{"name":"wp","href":"https:\/\/api.w.org\/{rel}","templated":true}]}}