{"id":79840,"date":"2024-01-16T15:15:34","date_gmt":"2024-01-16T13:15:34","guid":{"rendered":"https:\/\/promzvak.nl\/?p=79840"},"modified":"2024-01-16T15:17:35","modified_gmt":"2024-01-16T13:17:35","slug":"transfer-abgeschlossen-verstarkung-furs-team-deutschland","status":"publish","type":"post","link":"https:\/\/promzvak.nl\/nl\/transfer-abgeschlossen-verstarkung-furs-team-deutschland\/","title":{"rendered":"Transfer abgeschlossen &#8211; Verst\u00e4rkung f\u00fcrs Team Deutschland"},"content":{"rendered":"<p>Stolz pr\u00e4sentieren wir unsere neue Mitspielerin Katharina B\u00fctow. Seit dem 15. Januar 2024 verst\u00e4rkt Sie unser Team Deutschland und bildet ab sofort eine Doppelspitze mit Bettina Nettelbeck. Sie wechselt vom Spielfeld ins Operative und ist ab sofort Ihr Ansprechpartner in Sachen Messen und Magazinen in den Benelux &#8211; rund um das Thema Werbemittel!<\/p>\n<p>Was sollten Sie \u00fcber unseren Neuzugang wissen? In den Jahren 2004 \u2013 2010 war die geb\u00fcrtige Leipzigerin aktive Torh\u00fcterin der deutschen Jugend-Nationalmannschaften im Feldhockey. Durch Ihren Sport ist Sie in den Niederlanden heimisch geworden. Nach Ihrem Studium hat Katharina 2019 bei Araco International die ersten Erfahrungen in der Werbemittelbranche gesammelt und nun wird Sie Het Protaal Media \/ PromZ bei der Internationalisierung im Raum D-A-CH unterst\u00fctzen.<\/p>\n<p>&nbsp;<\/p>\n<!-- AddThis Advanced Settings generic via filter on the_content --><!-- AddThis Share Buttons generic via filter on the_content -->","protected":false},"excerpt":{"rendered":"<p>Stolz pr\u00e4sentieren wir unsere neue Mitspielerin Katharina B\u00fctow. Seit dem 15. Januar 2024 verst\u00e4rkt Sie unser Team Deutschland und bildet ab sofort eine Doppelspitze mit Bettina Nettelbeck. Sie wechselt vom Spielfeld ins Operative und ist ab sofort Ihr Ansprechpartner in Sachen Messen und Magazinen in den Benelux &#8211; rund um das Thema Werbemittel! Was sollten Sie \u00fcber unseren Neuzugang wissen? In den Jahren 2004 \u2013 2010 war die geb\u00fcrtige Leipzigerin aktive Torh\u00fcterin der deutschen Jugend-Nationalmannschaften [&#8230;]<\/p>\n<p><a class=\"btn btn-secondary understrap-read-more-link\" href=\"https:\/\/promzvak.nl\/nl\/transfer-abgeschlossen-verstarkung-furs-team-deutschland\/\">Lees verder&#8230;<\/a><\/p>\n<p><!-- AddThis Advanced Settings generic via filter on get_the_excerpt --><!-- AddThis Share Buttons generic via filter on get_the_excerpt --><\/p>\n","protected":false},"author":534,"featured_media":79842,"comment_status":"open","ping_status":"open","sticky":false,"template":"","format":"standard","meta":{"_acf_changed":false,"episode_type":"","audio_file":"","cover_image":"","cover_image_id":"","duration":"","filesize":"","date_recorded":"","explicit":"","block":"","filesize_raw":"","footnotes":""},"categories":[13097],"tags":[],"acf":[],"_links":{"self":[{"href":"https:\/\/promzvak.nl\/nl\/wp-json\/wp\/v2\/posts\/79840"}],"collection":[{"href":"https:\/\/promzvak.nl\/nl\/wp-json\/wp\/v2\/posts"}],"about":[{"href":"https:\/\/promzvak.nl\/nl\/wp-json\/wp\/v2\/types\/post"}],"author":[{"embeddable":true,"href":"https:\/\/promzvak.nl\/nl\/wp-json\/wp\/v2\/users\/534"}],"replies":[{"embeddable":true,"href":"https:\/\/promzvak.nl\/nl\/wp-json\/wp\/v2\/comments?post=79840"}],"version-history":[{"count":1,"href":"https:\/\/promzvak.nl\/nl\/wp-json\/wp\/v2\/posts\/79840\/revisions"}],"predecessor-version":[{"id":79845,"href":"https:\/\/promzvak.nl\/nl\/wp-json\/wp\/v2\/posts\/79840\/revisions\/79845"}],"wp:featuredmedia":[{"embeddable":true,"href":"https:\/\/promzvak.nl\/nl\/wp-json\/wp\/v2\/media\/79842"}],"wp:attachment":[{"href":"https:\/\/promzvak.nl\/nl\/wp-json\/wp\/v2\/media?parent=79840"}],"wp:term":[{"taxonomy":"category","embeddable":true,"href":"https:\/\/promzvak.nl\/nl\/wp-json\/wp\/v2\/categories?post=79840"},{"taxonomy":"post_tag","embeddable":true,"href":"https:\/\/promzvak.nl\/nl\/wp-json\/wp\/v2\/tags?post=79840"}],"curies":[{"name":"wp","href":"https:\/\/api.w.org\/{rel}","templated":true}]}}