{"id":70324,"date":"2023-02-14T11:20:46","date_gmt":"2023-02-14T09:20:46","guid":{"rendered":"https:\/\/promzvak.nl\/?p=70324"},"modified":"2023-02-14T11:20:46","modified_gmt":"2023-02-14T09:20:46","slug":"barbara-holsink-nieuwe-ceo-bredemeijer-group","status":"publish","type":"post","link":"https:\/\/promzvak.nl\/nl\/barbara-holsink-nieuwe-ceo-bredemeijer-group\/","title":{"rendered":"Barbara Holsink nieuwe CEO Bredemeijer Group"},"content":{"rendered":"<p><em>Barbara Holsink is benoemd tot nieuwe CEO van de Bredemeijer Group. Holsink volgt de huidige CEO Rob Hunnekens op, die met pensioen gaat <\/em><\/p>\n<p>Met Barbara Holsink haalt Bredemeijer Group veel nieuwe kennis en ervaring in huis; ze heeft diverse functies bekleed bij FMCG-organisaties op het gebied van personal care. Barbara Holsink wil met Bredemeijer Group doorgroeien vanuit de gezonde basis die is gelegd: &#8220;Met \u00e9\u00e9n team staan we door \u00e9\u00e9n duidelijke taak. We bieden \u2018Design for every day\u2019 door uit te blinken in innovatie, kwaliteit en design. We willen excelleren als handelspartner en groeien in zowel binnen- als buitenland door n\u00f3g meer het verhaal over onze merken te vertellen. Daarbij speelt duurzaamheid een grote rol.&#8221;<\/p>\n<!-- AddThis Advanced Settings generic via filter on the_content --><!-- AddThis Share Buttons generic via filter on the_content -->","protected":false},"excerpt":{"rendered":"<p>Barbara Holsink is benoemd tot nieuwe CEO van de Bredemeijer Group. Holsink volgt de huidige CEO Rob Hunnekens op, die met pensioen gaat Met Barbara Holsink haalt Bredemeijer Group veel nieuwe kennis en ervaring in huis; ze heeft diverse functies bekleed bij FMCG-organisaties op het gebied van personal care. Barbara Holsink wil met Bredemeijer Group doorgroeien vanuit de gezonde basis die is gelegd: &#8220;Met \u00e9\u00e9n team staan we door \u00e9\u00e9n duidelijke taak. We bieden \u2018Design [&#8230;]<\/p>\n<p><a class=\"btn btn-secondary understrap-read-more-link\" href=\"https:\/\/promzvak.nl\/nl\/barbara-holsink-nieuwe-ceo-bredemeijer-group\/\">Lees verder&#8230;<\/a><\/p>\n<p><!-- AddThis Advanced Settings generic via filter on get_the_excerpt --><!-- AddThis Share Buttons generic via filter on get_the_excerpt --><\/p>\n","protected":false},"author":178,"featured_media":70325,"comment_status":"open","ping_status":"open","sticky":false,"template":"","format":"standard","meta":{"_acf_changed":false,"episode_type":"","audio_file":"","cover_image":"","cover_image_id":"","duration":"","filesize":"","date_recorded":"","explicit":"","block":"","filesize_raw":"","footnotes":""},"categories":[60],"tags":[],"acf":[],"_links":{"self":[{"href":"https:\/\/promzvak.nl\/nl\/wp-json\/wp\/v2\/posts\/70324"}],"collection":[{"href":"https:\/\/promzvak.nl\/nl\/wp-json\/wp\/v2\/posts"}],"about":[{"href":"https:\/\/promzvak.nl\/nl\/wp-json\/wp\/v2\/types\/post"}],"author":[{"embeddable":true,"href":"https:\/\/promzvak.nl\/nl\/wp-json\/wp\/v2\/users\/178"}],"replies":[{"embeddable":true,"href":"https:\/\/promzvak.nl\/nl\/wp-json\/wp\/v2\/comments?post=70324"}],"version-history":[{"count":1,"href":"https:\/\/promzvak.nl\/nl\/wp-json\/wp\/v2\/posts\/70324\/revisions"}],"predecessor-version":[{"id":70327,"href":"https:\/\/promzvak.nl\/nl\/wp-json\/wp\/v2\/posts\/70324\/revisions\/70327"}],"wp:featuredmedia":[{"embeddable":true,"href":"https:\/\/promzvak.nl\/nl\/wp-json\/wp\/v2\/media\/70325"}],"wp:attachment":[{"href":"https:\/\/promzvak.nl\/nl\/wp-json\/wp\/v2\/media?parent=70324"}],"wp:term":[{"taxonomy":"category","embeddable":true,"href":"https:\/\/promzvak.nl\/nl\/wp-json\/wp\/v2\/categories?post=70324"},{"taxonomy":"post_tag","embeddable":true,"href":"https:\/\/promzvak.nl\/nl\/wp-json\/wp\/v2\/tags?post=70324"}],"curies":[{"name":"wp","href":"https:\/\/api.w.org\/{rel}","templated":true}]}}