{"id":48732,"date":"2020-10-31T13:34:50","date_gmt":"2020-10-31T11:34:50","guid":{"rendered":"https:\/\/promzvak.nl\/?p=48732"},"modified":"2020-11-24T13:33:14","modified_gmt":"2020-11-24T11:33:14","slug":"be-global-en-intercede-gaan-samen","status":"publish","type":"post","link":"https:\/\/promzvak.nl\/nl\/be-global-en-intercede-gaan-samen\/","title":{"rendered":"BeGlobal en Interc\u00e9d\u00e9 gaan samen"},"content":{"rendered":"<p><strong>Met ingang van 1 november aanstaande gaan BeGlobal en Interc\u00e9d\u00e9 samen verder. Door de integratie zijn de bedrijven in staat om versneld verder te groeien en een leidende positie in de markt (verder) uit te bouwen. Het management en de medewerkers van Interc\u00e9d\u00e9 opereren vanaf 1 november (in totaal 17 m\/v) vanuit de kantoren van BeGlobal in Waddinxveen.<\/strong><\/p>\n<p>BeGlobal en Interc\u00e9d\u00e9 zijn complementair aan elkaar wat betreft type klanten, de manier waarop ze klanten servicen en hun visie op het promotionele producten vak. Beide bedrijven hebben sustainabilty en (social) compliance hoog in het vaandel.<\/p>\n<p>De twee distributeurs van product media zijn al jarenlang actief op de markt. Interc\u00e9d\u00e9 is al zo\u2019n 27 jaar actief en werkt(e) o.a. voor opdrachtgevers als Aegon, Ordina, het ministerie van OCW en Defensie, De Nederlandsche Bank, De Haagse Hogeschool, VU Amsterdam en Koni. BeGlobal werkt(e) o.m. voor ING, DAS, Deloitte, Picnic, AON en Europcar.<\/p>\n<p>Het bijna 20 jaar geleden opgerichte BeGlobal (in 2012 en 2014 onderscheiden met de vakprijs \u2018Leverancier van het Jaar\u2019) maakt al jaren exclusief onderdeel uit van het internationale netwerk IPPAG (International Partnership for Premiums &amp; Gifts) en Prominate, waar de klanten van Interc\u00e9d\u00e9 nu ook van gaan profiteren. Uiteraard vindt er door het samengaan ook een behoorlijke schaalvergroting op inkoopgebied plaats.<\/p>\n<p>Andr\u00e9 Noordwijk (directeur BeGlobal): \u201cIn de promotionele productenindustrie is schaalvergroting noodzakelijk om futureproof te zijn. Meer power, meer kennis en ervaring (zeker voor opdrachtgevers die ook internationaal geserviced willen worden met bijvoorbeeld webshops en fulfilmentoplossingen) is een must. Alle elementen om onze ambitieuze groeiambities te realiseren hebben we nu \u2013 letterlijk \u2013 onder \u00e9\u00e9n dak.\u201d<\/p>\n<p>Beide merken blijven voorlopig bestaan en komen ook allebei boven het briefpapier te staan. Interc\u00e9d\u00e9 directeur Cocky Schalk gaat het verkoopteam van de gezamenlijke bedrijven leiden. In de komende PromZ Vak natuurlijk meer over deze fusie.<\/p>\n<!-- AddThis Advanced Settings generic via filter on the_content --><!-- AddThis Share Buttons generic via filter on the_content -->","protected":false},"excerpt":{"rendered":"<p>Met ingang van 1 november aanstaande gaan BeGlobal en Interc\u00e9d\u00e9 samen verder. Door de integratie zijn de bedrijven in staat om versneld verder te groeien en een leidende positie in de markt (verder) uit te bouwen. Het management en de medewerkers van Interc\u00e9d\u00e9 opereren vanaf 1 november (in totaal 17 m\/v) vanuit de kantoren van BeGlobal in Waddinxveen. BeGlobal en Interc\u00e9d\u00e9 zijn complementair aan elkaar wat betreft type klanten, de manier waarop ze klanten servicen [&#8230;]<\/p>\n<p><a class=\"btn btn-secondary understrap-read-more-link\" href=\"https:\/\/promzvak.nl\/nl\/be-global-en-intercede-gaan-samen\/\">Lees verder&#8230;<\/a><\/p>\n<p><!-- AddThis Advanced Settings generic via filter on get_the_excerpt --><!-- AddThis Share Buttons generic via filter on get_the_excerpt --><\/p>\n","protected":false},"author":5,"featured_media":50189,"comment_status":"open","ping_status":"open","sticky":false,"template":"","format":"standard","meta":{"_acf_changed":false,"episode_type":"","audio_file":"","cover_image":"","cover_image_id":"","duration":"","filesize":"","date_recorded":"","explicit":"","block":"","filesize_raw":"","footnotes":""},"categories":[60],"tags":[],"acf":[],"_links":{"self":[{"href":"https:\/\/promzvak.nl\/nl\/wp-json\/wp\/v2\/posts\/48732"}],"collection":[{"href":"https:\/\/promzvak.nl\/nl\/wp-json\/wp\/v2\/posts"}],"about":[{"href":"https:\/\/promzvak.nl\/nl\/wp-json\/wp\/v2\/types\/post"}],"author":[{"embeddable":true,"href":"https:\/\/promzvak.nl\/nl\/wp-json\/wp\/v2\/users\/5"}],"replies":[{"embeddable":true,"href":"https:\/\/promzvak.nl\/nl\/wp-json\/wp\/v2\/comments?post=48732"}],"version-history":[{"count":5,"href":"https:\/\/promzvak.nl\/nl\/wp-json\/wp\/v2\/posts\/48732\/revisions"}],"predecessor-version":[{"id":50236,"href":"https:\/\/promzvak.nl\/nl\/wp-json\/wp\/v2\/posts\/48732\/revisions\/50236"}],"wp:featuredmedia":[{"embeddable":true,"href":"https:\/\/promzvak.nl\/nl\/wp-json\/wp\/v2\/media\/50189"}],"wp:attachment":[{"href":"https:\/\/promzvak.nl\/nl\/wp-json\/wp\/v2\/media?parent=48732"}],"wp:term":[{"taxonomy":"category","embeddable":true,"href":"https:\/\/promzvak.nl\/nl\/wp-json\/wp\/v2\/categories?post=48732"},{"taxonomy":"post_tag","embeddable":true,"href":"https:\/\/promzvak.nl\/nl\/wp-json\/wp\/v2\/tags?post=48732"}],"curies":[{"name":"wp","href":"https:\/\/api.w.org\/{rel}","templated":true}]}}