{"id":39098,"date":"2019-06-17T12:06:33","date_gmt":"2019-06-17T12:06:33","guid":{"rendered":"https:\/\/promzvak.nl\/?p=39098"},"modified":"2019-06-17T12:13:34","modified_gmt":"2019-06-17T12:13:34","slug":"brandcharger-op-eigen-benen","status":"publish","type":"post","link":"https:\/\/promzvak.nl\/nl\/brandcharger-op-eigen-benen\/","title":{"rendered":"BrandCharger verder op eigen benen"},"content":{"rendered":"<p>Vanaf medio 2017 had BrandCharger een samenwerking met PSL Europe BV voor de distributie van zijn producten in Europa. Vanaf 1 juni 2019 hebben beide partijen besloten om deze samenwerking te be\u00ebindigen naar aanleiding van financi\u00eble instabiliteit en tegenvallende resultaten.<\/p>\n<p>De be\u00ebindiging van de samenwerking maakt het mogelijk voor BrandCharger om de Europese markt nu direct te bedienen en brengt ook kansen om nieuwe samenwerkingen aan te gaan, aldus Ethan Ung van BrandCharger Limited. \u201cWe zullen verder bouwen aan onze business. Op de korte termijn zal BrandCharger opereren vanuit zijn hoofdkantoor in Hong Kong en het sales kantoor in de Benelux om de Europese markt te bedienen. In overeenstemming met het management van PSL Europe BV zullen de aanvragen voor BrandCharger producten worden overgedragen aan BrandCharger. BrandCharger zal ook de klanten van PSL benaderen om deze direct te bedienen.\u201d<\/p>\n<h2>Niet te voorkomen<\/h2>\n<p>BrandCharger President, James Ung: \u201cDe samenwerking was altijd erg prettig, maar het besluit om de samenwerking te be\u00ebindigen was niet te voorkomen, helaas. Wij bedanken PSL Europe BV en al de medewerkers.\u201d<br \/>\nZie ook <a href=\"https:\/\/www.brandcharger.com\/\" target=\"_blank\" rel=\"noopener noreferrer\">www.brandcharger.com<\/a><\/p>\n<!-- AddThis Advanced Settings generic via filter on the_content --><!-- AddThis Share Buttons generic via filter on the_content -->","protected":false},"excerpt":{"rendered":"<p>Vanaf medio 2017 had BrandCharger een samenwerking met PSL Europe BV voor de distributie van zijn producten in Europa. Vanaf 1 juni 2019 hebben beide partijen besloten om deze samenwerking te be\u00ebindigen naar aanleiding van financi\u00eble instabiliteit en tegenvallende resultaten. De be\u00ebindiging van de samenwerking maakt het mogelijk voor BrandCharger om de Europese markt nu direct te bedienen en brengt ook kansen om nieuwe samenwerkingen aan te gaan, aldus Ethan Ung van BrandCharger Limited. \u201cWe [&#8230;]<\/p>\n<p><a class=\"btn btn-secondary understrap-read-more-link\" href=\"https:\/\/promzvak.nl\/nl\/brandcharger-op-eigen-benen\/\">Lees verder&#8230;<\/a><\/p>\n<p><!-- AddThis Advanced Settings generic via filter on get_the_excerpt --><!-- AddThis Share Buttons generic via filter on get_the_excerpt --><\/p>\n","protected":false},"author":5,"featured_media":39103,"comment_status":"open","ping_status":"open","sticky":false,"template":"","format":"standard","meta":{"_acf_changed":false,"episode_type":"","audio_file":"","cover_image":"","cover_image_id":"","duration":"","filesize":"","date_recorded":"","explicit":"","block":"","filesize_raw":"","footnotes":""},"categories":[60],"tags":[],"acf":[],"_links":{"self":[{"href":"https:\/\/promzvak.nl\/nl\/wp-json\/wp\/v2\/posts\/39098"}],"collection":[{"href":"https:\/\/promzvak.nl\/nl\/wp-json\/wp\/v2\/posts"}],"about":[{"href":"https:\/\/promzvak.nl\/nl\/wp-json\/wp\/v2\/types\/post"}],"author":[{"embeddable":true,"href":"https:\/\/promzvak.nl\/nl\/wp-json\/wp\/v2\/users\/5"}],"replies":[{"embeddable":true,"href":"https:\/\/promzvak.nl\/nl\/wp-json\/wp\/v2\/comments?post=39098"}],"version-history":[{"count":1,"href":"https:\/\/promzvak.nl\/nl\/wp-json\/wp\/v2\/posts\/39098\/revisions"}],"predecessor-version":[{"id":39101,"href":"https:\/\/promzvak.nl\/nl\/wp-json\/wp\/v2\/posts\/39098\/revisions\/39101"}],"wp:featuredmedia":[{"embeddable":true,"href":"https:\/\/promzvak.nl\/nl\/wp-json\/wp\/v2\/media\/39103"}],"wp:attachment":[{"href":"https:\/\/promzvak.nl\/nl\/wp-json\/wp\/v2\/media?parent=39098"}],"wp:term":[{"taxonomy":"category","embeddable":true,"href":"https:\/\/promzvak.nl\/nl\/wp-json\/wp\/v2\/categories?post=39098"},{"taxonomy":"post_tag","embeddable":true,"href":"https:\/\/promzvak.nl\/nl\/wp-json\/wp\/v2\/tags?post=39098"}],"curies":[{"name":"wp","href":"https:\/\/api.w.org\/{rel}","templated":true}]}}